{"id":92,"date":"2021-07-10T20:39:00","date_gmt":"2021-07-10T23:39:00","guid":{"rendered":"http:\/\/noticias.espacioaudiovisualnacional.org\/?p=92"},"modified":"2023-03-07T13:03:21","modified_gmt":"2023-03-07T16:03:21","slug":"crean-el-espacio-nacional-audiovisual-para-debatir-una-nueva-ley-para-el-sector-2","status":"publish","type":"post","link":"https:\/\/pre.espacioaudiovisualnacional.org\/ean2023\/crean-el-espacio-nacional-audiovisual-para-debatir-una-nueva-ley-para-el-sector-2\/","title":{"rendered":"Crean el Espacio Nacional Audiovisual para debatir una nueva Ley para el sector"},"content":{"rendered":"\n<figure class=\"wp-block-embed is-type-wp-embed is-provider-economis wp-block-embed-economis\"><div class=\"wp-block-embed__wrapper\">\nhttps:\/\/economis.com.ar\/crean-el-espacio-nacional-audiovisual-para-debatir-una-nueva-ley-para-el-sector\/\n<\/div><\/figure>\n","protected":false},"excerpt":{"rendered":"<p>Entre las entidades se encuentra la DAC, APIMA, PCI y Argentores est\u00e1n trabajando en el borrador de una nueva legislaci\u00f3n para la industria audiovisual. Con participaci\u00f3n colectiva y federal, la nueva Ley se adec\u00faa a los cambios de paradigma impuestos por las nuevas tecnolog\u00edas.<\/p>\n","protected":false},"author":2,"featured_media":146,"comment_status":"closed","ping_status":"closed","sticky":false,"template":"","format":"standard","meta":{"footnotes":""},"categories":[5],"tags":[],"class_list":["post-92","post","type-post","status-publish","format-standard","has-post-thumbnail","hentry","category-novedades"],"_links":{"self":[{"href":"https:\/\/pre.espacioaudiovisualnacional.org\/ean2023\/wp-json\/wp\/v2\/posts\/92","targetHints":{"allow":["GET"]}}],"collection":[{"href":"https:\/\/pre.espacioaudiovisualnacional.org\/ean2023\/wp-json\/wp\/v2\/posts"}],"about":[{"href":"https:\/\/pre.espacioaudiovisualnacional.org\/ean2023\/wp-json\/wp\/v2\/types\/post"}],"author":[{"embeddable":true,"href":"https:\/\/pre.espacioaudiovisualnacional.org\/ean2023\/wp-json\/wp\/v2\/users\/2"}],"replies":[{"embeddable":true,"href":"https:\/\/pre.espacioaudiovisualnacional.org\/ean2023\/wp-json\/wp\/v2\/comments?post=92"}],"version-history":[{"count":1,"href":"https:\/\/pre.espacioaudiovisualnacional.org\/ean2023\/wp-json\/wp\/v2\/posts\/92\/revisions"}],"predecessor-version":[{"id":1079,"href":"https:\/\/pre.espacioaudiovisualnacional.org\/ean2023\/wp-json\/wp\/v2\/posts\/92\/revisions\/1079"}],"wp:featuredmedia":[{"embeddable":true,"href":"https:\/\/pre.espacioaudiovisualnacional.org\/ean2023\/wp-json\/"}],"wp:attachment":[{"href":"https:\/\/pre.espacioaudiovisualnacional.org\/ean2023\/wp-json\/wp\/v2\/media?parent=92"}],"wp:term":[{"taxonomy":"category","embeddable":true,"href":"https:\/\/pre.espacioaudiovisualnacional.org\/ean2023\/wp-json\/wp\/v2\/categories?post=92"},{"taxonomy":"post_tag","embeddable":true,"href":"https:\/\/pre.espacioaudiovisualnacional.org\/ean2023\/wp-json\/wp\/v2\/tags?post=92"}],"curies":[{"name":"wp","href":"https:\/\/api.w.org\/{rel}","templated":true}]}}