{"id":76,"date":"2021-07-02T11:41:00","date_gmt":"2021-07-02T14:41:00","guid":{"rendered":"http:\/\/noticias.espacioaudiovisualnacional.org\/?p=30"},"modified":"2023-03-07T13:06:02","modified_gmt":"2023-03-07T16:06:02","slug":"una-nueva-ley-para-la-produccion-audiovisual-nacional","status":"publish","type":"post","link":"https:\/\/pre.espacioaudiovisualnacional.org\/ean2023\/una-nueva-ley-para-la-produccion-audiovisual-nacional\/","title":{"rendered":"Una nueva ley para la Producci\u00f3n Audiovisual Nacional"},"content":{"rendered":"\n<p><a href=\"https:\/\/www.otroscines.com\/nota-16931-una-nueva-ley-para-la-produccion-audiovisual-nacional\">https:\/\/www.otroscines.com\/nota-16931-una-nueva-ley-para-la-produccion-audiovisual-nacional<\/a><\/p>\n","protected":false},"excerpt":{"rendered":"<p>Desde mediados de 2020 entidades como Directores Argentinos Cinematogr\u00e1ficos (DAC), Asociaci\u00f3n de Productores Independientes de Medios Audiovisuales (APIMA), Proyecto Cine Independiente (PCI) y Sociedad General de Autores de la Argentina (ARGENTORES), con la colaboraci\u00f3n de profesionales expertos en administraci\u00f3n p\u00fablica y extensa experiencia en la redacci\u00f3n de leyes y los aportes de numerosas organizaciones de todo el pa\u00eds, est\u00e1n elaborando una propuesta de nueva legislaci\u00f3n para el sector<\/p>\n","protected":false},"author":2,"featured_media":235,"comment_status":"closed","ping_status":"closed","sticky":false,"template":"","format":"standard","meta":{"footnotes":""},"categories":[5],"tags":[],"class_list":["post-76","post","type-post","status-publish","format-standard","has-post-thumbnail","hentry","category-novedades"],"_links":{"self":[{"href":"https:\/\/pre.espacioaudiovisualnacional.org\/ean2023\/wp-json\/wp\/v2\/posts\/76","targetHints":{"allow":["GET"]}}],"collection":[{"href":"https:\/\/pre.espacioaudiovisualnacional.org\/ean2023\/wp-json\/wp\/v2\/posts"}],"about":[{"href":"https:\/\/pre.espacioaudiovisualnacional.org\/ean2023\/wp-json\/wp\/v2\/types\/post"}],"author":[{"embeddable":true,"href":"https:\/\/pre.espacioaudiovisualnacional.org\/ean2023\/wp-json\/wp\/v2\/users\/2"}],"replies":[{"embeddable":true,"href":"https:\/\/pre.espacioaudiovisualnacional.org\/ean2023\/wp-json\/wp\/v2\/comments?post=76"}],"version-history":[{"count":1,"href":"https:\/\/pre.espacioaudiovisualnacional.org\/ean2023\/wp-json\/wp\/v2\/posts\/76\/revisions"}],"predecessor-version":[{"id":1099,"href":"https:\/\/pre.espacioaudiovisualnacional.org\/ean2023\/wp-json\/wp\/v2\/posts\/76\/revisions\/1099"}],"wp:featuredmedia":[{"embeddable":true,"href":"https:\/\/pre.espacioaudiovisualnacional.org\/ean2023\/wp-json\/"}],"wp:attachment":[{"href":"https:\/\/pre.espacioaudiovisualnacional.org\/ean2023\/wp-json\/wp\/v2\/media?parent=76"}],"wp:term":[{"taxonomy":"category","embeddable":true,"href":"https:\/\/pre.espacioaudiovisualnacional.org\/ean2023\/wp-json\/wp\/v2\/categories?post=76"},{"taxonomy":"post_tag","embeddable":true,"href":"https:\/\/pre.espacioaudiovisualnacional.org\/ean2023\/wp-json\/wp\/v2\/tags?post=76"}],"curies":[{"name":"wp","href":"https:\/\/api.w.org\/{rel}","templated":true}]}}