{"id":701,"date":"2022-12-22T11:13:00","date_gmt":"2022-12-22T14:13:00","guid":{"rendered":"https:\/\/noticias.espacioaudiovisualnacional.org\/?p=701"},"modified":"2023-03-07T13:15:16","modified_gmt":"2023-03-07T16:15:16","slug":"el-presidente-del-bloque-del-frente-de-todos-en-diputados-german-martinez-y-la-diputada-nacional-gabriela-pedrali-visitaron-al-ean-en-su-sede","status":"publish","type":"post","link":"https:\/\/pre.espacioaudiovisualnacional.org\/ean2023\/el-presidente-del-bloque-del-frente-de-todos-en-diputados-german-martinez-y-la-diputada-nacional-gabriela-pedrali-visitaron-al-ean-en-su-sede\/","title":{"rendered":"EL PRESIDENTE DEL BLOQUE DEL FRENTE DE TODOS EN DIPUTADOS, GERM\u00c1N MART\u00cdNEZ, Y LA DIPUTADA NACIONAL GABRIELA PEDRALI  VISITARON AL EAN EN SU SEDE"},"content":{"rendered":"\n<p class=\"bajada\">Analizaron junto al EAN los aspectos m\u00e1s importantes del Proyecto de Ley Federal para la Produccion y la Industria Audiovisual.<\/p>\n\n\n\n<figure class=\"wp-block-embed is-type-video is-provider-youtube wp-block-embed-youtube wp-embed-aspect-16-9 wp-has-aspect-ratio\"><div class=\"wp-block-embed__wrapper\">\n<iframe loading=\"lazy\" title=\"EL PRESIDENTE DEL BLOQUE DEL FDT EN DIPUTADOS, GERM\u00c1N MART\u00cdNEZ, VISIT\u00d3 A LOS REPRESENTANTES DEL EAN\" width=\"1200\" height=\"675\" src=\"https:\/\/www.youtube.com\/embed\/z86tCw2DOm0?feature=oembed&amp;wmode=opaque&amp;showinfo=0\" style=\"border: none\" allow=\"accelerometer; autoplay; clipboard-write; encrypted-media; gyroscope; picture-in-picture; web-share\" allowfullscreen><\/iframe>\n<\/div><\/figure>\n\n\n\n<p>Horas previas a la presentaci\u00f3n ante el Congreso Nacional del proyecto de Ley Federal para la Producci\u00f3n y la Industria Audiovisual, presentaci\u00f3n a cargo de la Diputada Nacional por La Rioja, Gabriela Pedrali.<\/p>\n\n\n\n<p>Los representantes de todas las entidades nucleadas en el EAN, recibieron la visita del presidente de la bancada del Frente de Todos, el diputado Germ\u00e1n Mart\u00ednez.<\/p>\n\n\n\n<p>El Santafesino Germ\u00e1n Mart\u00ednez, ocupa una banca desde 2019, es licenciado en Ciencias Pol\u00edticas y referente de&nbsp;Unidad Ciudadana&nbsp;y la&nbsp;Corriente Nacional de la Militancia&nbsp;en Rosario y es conocido por tener una muy buena relaci\u00f3n con sus pares y poseer un amplio conocimiento interno del trabajo parlamentario y sus procedimientos.<\/p>\n\n\n\n<p>Las asociaciones que conforman el Espacio Audiovisual Nacional, pudieron exponer y explicar con todo detalle cada uno de los puntos salientes de este proyecto que permitir\u00e1 actualizar la legislaci\u00f3n para todo el audiovisual, ajust\u00e1ndola a los nuevos desaf\u00edos tecnol\u00f3gicos que tanto la producci\u00f3n como la distribuci\u00f3n presentan.<\/p>\n\n\n\n<figure class=\"wp-block-gallery has-nested-images columns-1 is-cropped wp-block-gallery-1 is-layout-flex wp-block-gallery-is-layout-flex\">\n<figure class=\"wp-block-image size-full\"><a href=\"https:\/\/noticias.espacioaudiovisualnacional.org\/wp-content\/uploads\/2022\/12\/EAN22DMA_03413_RW960B.jpg\"><img decoding=\"async\" data-id=\"747\" src=\"https:\/\/noticias.espacioaudiovisualnacional.org\/wp-content\/uploads\/2022\/12\/EAN22DMA_03413_RW960B.jpg\" alt=\"\" class=\"wp-image-747\"\/><\/a><\/figure>\n<\/figure>\n\n\n\n<figure class=\"wp-block-gallery has-nested-images columns-2 is-cropped wp-block-gallery-2 is-layout-flex wp-block-gallery-is-layout-flex\">\n<figure class=\"wp-block-image size-large\"><a href=\"https:\/\/noticias.espacioaudiovisualnacional.org\/wp-content\/uploads\/2022\/12\/EAN22DMA_03221_RW960.jpg\"><img decoding=\"async\" data-id=\"704\" src=\"https:\/\/noticias.espacioaudiovisualnacional.org\/wp-content\/uploads\/2022\/12\/EAN22DMA_03221_RW960.jpg\" alt=\"\" class=\"wp-image-704\"\/><\/a><\/figure>\n\n\n\n<figure class=\"wp-block-image size-large\"><a href=\"https:\/\/noticias.espacioaudiovisualnacional.org\/wp-content\/uploads\/2022\/12\/EAN22DMA_03201_RW960.jpg\"><img decoding=\"async\" data-id=\"705\" src=\"https:\/\/noticias.espacioaudiovisualnacional.org\/wp-content\/uploads\/2022\/12\/EAN22DMA_03201_RW960.jpg\" alt=\"\" class=\"wp-image-705\"\/><\/a><\/figure>\n<\/figure>\n\n\n\n<p>Por su parte Mart\u00ednez, quien demostr\u00f3 muy claramente durante la reuni\u00f3n haber estudiado en detalle el proyecto de Ley que le fuera presentado expreso su contundente apoyo a la nueva normativa: \u201cSe han tomado un gran trabajo durante varios a\u00f1os para lograr este proyecto y crean que no hace falta agregarle nada m\u00e1s para efectuar su presentaci\u00f3n ya que su forma, objetivos y contenido est\u00e1n muy arriba de la media de los proyectos que a veces me toca leer\u201d.<\/p>\n\n\n\n<p>En sus conceptos finales el Diputado Mart\u00ednez agreg\u00f3: \u201cEs una fortaleza clara de esta Ley que no crea un nuevo impuesto y, que adem\u00e1s abarca todos los temas que sin duda necesitan una actualizaci\u00f3n tecnol\u00f3gica urgente luego de treinta a\u00f1os en vigencia de la anterior normativa\u201d.<\/p>\n\n\n\n<p>As\u00ed tambi\u00e9n la diputada Pedral\u00ed se\u00f1al\u00f3: \u201cEste proyecto de Ley ha recibido ya el apoyo de diez Gobernadores nucleados en el grupo que conforma \u201cEl Norte Grande\u201d, adem\u00e1s recibimos la adhesi\u00f3n del Gobernador de San Luis y del Gobernador de Tierra del Fuego, y nos hemos comprometido con todo el EAN a seguir trabajando para conseguir el mayor consenso posible de todas las provincias del pa\u00eds.<\/p>\n\n\n\n<figure class=\"wp-block-gallery has-nested-images columns-2 is-cropped wp-block-gallery-3 is-layout-flex wp-block-gallery-is-layout-flex\">\n<figure class=\"wp-block-image size-large\"><a href=\"https:\/\/noticias.espacioaudiovisualnacional.org\/wp-content\/uploads\/2022\/12\/EAN22DMA_03202_RW960.jpg\"><img decoding=\"async\" data-id=\"706\" src=\"https:\/\/noticias.espacioaudiovisualnacional.org\/wp-content\/uploads\/2022\/12\/EAN22DMA_03202_RW960.jpg\" alt=\"\" class=\"wp-image-706\"\/><\/a><\/figure>\n\n\n\n<figure class=\"wp-block-image size-large\"><a href=\"https:\/\/noticias.espacioaudiovisualnacional.org\/wp-content\/uploads\/2022\/12\/EAN22DMA_03168_RW960.jpg\"><img decoding=\"async\" data-id=\"702\" src=\"https:\/\/noticias.espacioaudiovisualnacional.org\/wp-content\/uploads\/2022\/12\/EAN22DMA_03168_RW960.jpg\" alt=\"\" class=\"wp-image-702\"\/><\/a><\/figure>\n\n\n\n<figure class=\"wp-block-image size-large\"><a href=\"https:\/\/noticias.espacioaudiovisualnacional.org\/wp-content\/uploads\/2022\/12\/EAN22DMA_03218_RW960.jpg\"><img decoding=\"async\" data-id=\"703\" src=\"https:\/\/noticias.espacioaudiovisualnacional.org\/wp-content\/uploads\/2022\/12\/EAN22DMA_03218_RW960.jpg\" alt=\"\" class=\"wp-image-703\"\/><\/a><\/figure>\n\n\n\n<figure class=\"wp-block-image size-large\"><a href=\"https:\/\/noticias.espacioaudiovisualnacional.org\/wp-content\/uploads\/2022\/12\/EAN22DMA_03224_RW960.jpg\"><img decoding=\"async\" data-id=\"709\" src=\"https:\/\/noticias.espacioaudiovisualnacional.org\/wp-content\/uploads\/2022\/12\/EAN22DMA_03224_RW960.jpg\" alt=\"\" class=\"wp-image-709\"\/><\/a><\/figure>\n\n\n\n<figure class=\"wp-block-image size-large\"><a href=\"https:\/\/noticias.espacioaudiovisualnacional.org\/wp-content\/uploads\/2022\/12\/EAN22DMA_03267_RW960.jpg\"><img decoding=\"async\" data-id=\"708\" src=\"https:\/\/noticias.espacioaudiovisualnacional.org\/wp-content\/uploads\/2022\/12\/EAN22DMA_03267_RW960.jpg\" alt=\"\" class=\"wp-image-708\"\/><\/a><\/figure>\n\n\n\n<figure class=\"wp-block-image size-large\"><a href=\"https:\/\/noticias.espacioaudiovisualnacional.org\/wp-content\/uploads\/2022\/12\/EAN22DMA_03301_RW960.jpg\"><img decoding=\"async\" data-id=\"714\" src=\"https:\/\/noticias.espacioaudiovisualnacional.org\/wp-content\/uploads\/2022\/12\/EAN22DMA_03301_RW960.jpg\" alt=\"\" class=\"wp-image-714\"\/><\/a><\/figure>\n<\/figure>\n\n\n","protected":false},"excerpt":{"rendered":"<p>Analizaron junto al EAN los aspectos m\u00e1s importantes del Proyecto de Ley Federal para la Produccion y la Industria Audiovisual.<\/p>\n","protected":false},"author":2,"featured_media":996,"comment_status":"closed","ping_status":"closed","sticky":true,"template":"","format":"standard","meta":{"footnotes":""},"categories":[8],"tags":[],"class_list":["post-701","post","type-post","status-publish","format-standard","has-post-thumbnail","hentry","category-destacada"],"_links":{"self":[{"href":"https:\/\/pre.espacioaudiovisualnacional.org\/ean2023\/wp-json\/wp\/v2\/posts\/701","targetHints":{"allow":["GET"]}}],"collection":[{"href":"https:\/\/pre.espacioaudiovisualnacional.org\/ean2023\/wp-json\/wp\/v2\/posts"}],"about":[{"href":"https:\/\/pre.espacioaudiovisualnacional.org\/ean2023\/wp-json\/wp\/v2\/types\/post"}],"author":[{"embeddable":true,"href":"https:\/\/pre.espacioaudiovisualnacional.org\/ean2023\/wp-json\/wp\/v2\/users\/2"}],"replies":[{"embeddable":true,"href":"https:\/\/pre.espacioaudiovisualnacional.org\/ean2023\/wp-json\/wp\/v2\/comments?post=701"}],"version-history":[{"count":1,"href":"https:\/\/pre.espacioaudiovisualnacional.org\/ean2023\/wp-json\/wp\/v2\/posts\/701\/revisions"}],"predecessor-version":[{"id":965,"href":"https:\/\/pre.espacioaudiovisualnacional.org\/ean2023\/wp-json\/wp\/v2\/posts\/701\/revisions\/965"}],"wp:featuredmedia":[{"embeddable":true,"href":"https:\/\/pre.espacioaudiovisualnacional.org\/ean2023\/wp-json\/wp\/v2\/media\/996"}],"wp:attachment":[{"href":"https:\/\/pre.espacioaudiovisualnacional.org\/ean2023\/wp-json\/wp\/v2\/media?parent=701"}],"wp:term":[{"taxonomy":"category","embeddable":true,"href":"https:\/\/pre.espacioaudiovisualnacional.org\/ean2023\/wp-json\/wp\/v2\/categories?post=701"},{"taxonomy":"post_tag","embeddable":true,"href":"https:\/\/pre.espacioaudiovisualnacional.org\/ean2023\/wp-json\/wp\/v2\/tags?post=701"}],"curies":[{"name":"wp","href":"https:\/\/api.w.org\/{rel}","templated":true}]}}