{"id":685,"date":"2022-12-01T14:44:25","date_gmt":"2022-12-01T17:44:25","guid":{"rendered":"https:\/\/noticias.espacioaudiovisualnacional.org\/?p=685"},"modified":"2022-12-01T14:44:25","modified_gmt":"2022-12-01T17:44:25","slug":"el-ean-se-reunio-con-la-diputada-nacional-gabriela-pedrali","status":"publish","type":"post","link":"https:\/\/pre.espacioaudiovisualnacional.org\/ean2023\/el-ean-se-reunio-con-la-diputada-nacional-gabriela-pedrali\/","title":{"rendered":"El EAN se reuni\u00f3 con la Diputada Nacional, Gabriela Pedrali -FDT- presentante de La Ley Federal para la Producci\u00f3n Audiovisual ante el Honorable Congreso de la Naci\u00f3n."},"content":{"rendered":"\n<p class=\"bajada\">Para continuar trabajando el anteproyecto de la nueva Ley del Audiovisual, los representantes del Espacio Audiovisual Nacional, se reunieron con la Diputada Nacional por la Provincia de La Rioja, Gabriela Pedrali, quien expres\u00f3 su apoyo a la Nueva Ley Federal para la Producci\u00f3n y la Industria Audiovisual.<\/p>\n\n\n\n<figure class=\"wp-block-embed is-type-video is-provider-youtube wp-block-embed-youtube wp-embed-aspect-16-9 wp-has-aspect-ratio\"><div class=\"wp-block-embed__wrapper\">\n<iframe loading=\"lazy\" title=\"INGRESA AL CONGRESO LA LEY FEDERAL PARA LA INDUSTRIA AUDIOVISUAL\" width=\"1200\" height=\"675\" src=\"https:\/\/www.youtube.com\/embed\/qbPRMQ9Dw7k?feature=oembed&amp;wmode=opaque&amp;showinfo=0\" style=\"border: none\" allow=\"accelerometer; autoplay; clipboard-write; encrypted-media; gyroscope; picture-in-picture; web-share\" allowfullscreen><\/iframe>\n<\/div><\/figure>\n\n\n\n<p>\u201cUn proyecto de ley tiene la b\u00fasqueda de los consensos, al Espacio Audiovisual Nacional le tom\u00f3 un tiempo largo en llegar a la suma de estos consensos. Hoy vamos a salir a buscar otros nuevos consensos y es una oportunidad de actualizarnos con las nuevas tecnolog\u00edas y utilizando lo m\u00e1s sensible, que tiene de alguna forma esta ley, que es distribuyendo federalmente, democratizando los recursos, con esa equidad de g\u00e9nero que hoy la sociedad est\u00e1 demandando\u201d, expres\u00f3 Gabriela Pedrali.<\/p>\n\n\n\n<p><\/p>\n\n\n\n<figure class=\"wp-block-gallery has-nested-images columns-2 is-cropped wp-block-gallery-1 is-layout-flex wp-block-gallery-is-layout-flex\">\n<figure class=\"wp-block-image size-large\"><img decoding=\"async\" data-id=\"692\" src=\"http:\/\/noticias.espacioaudiovisualnacional.org\/wp-content\/uploads\/2022\/12\/EAN22ADP_02538_R_960.jpg\" alt=\"\" class=\"wp-image-692\"\/><\/figure>\n\n\n\n<figure class=\"wp-block-image size-large\"><img decoding=\"async\" data-id=\"696\" src=\"http:\/\/noticias.espacioaudiovisualnacional.org\/wp-content\/uploads\/2022\/12\/EAN22ADP_02454_R_960.jpg\" alt=\"\" class=\"wp-image-696\"\/><\/figure>\n\n\n\n<figure class=\"wp-block-image size-large\"><img decoding=\"async\" data-id=\"693\" src=\"http:\/\/noticias.espacioaudiovisualnacional.org\/wp-content\/uploads\/2022\/12\/EAN22ADP_02476_R_960.jpg\" alt=\"\" class=\"wp-image-693\"\/><\/figure>\n\n\n\n<figure class=\"wp-block-image size-large\"><img decoding=\"async\" data-id=\"690\" src=\"http:\/\/noticias.espacioaudiovisualnacional.org\/wp-content\/uploads\/2022\/12\/EAN22ADP_02498_R_960.jpg\" alt=\"\" class=\"wp-image-690\"\/><\/figure>\n\n\n\n<figure class=\"wp-block-image size-large\"><img decoding=\"async\" data-id=\"697\" src=\"http:\/\/noticias.espacioaudiovisualnacional.org\/wp-content\/uploads\/2022\/12\/EAN22ADP_02490_R_960.jpg\" alt=\"\" class=\"wp-image-697\"\/><\/figure>\n\n\n\n<figure class=\"wp-block-image size-large\"><img decoding=\"async\" data-id=\"694\" src=\"http:\/\/noticias.espacioaudiovisualnacional.org\/wp-content\/uploads\/2022\/12\/EAN22ADP_02616_R_960.jpg\" alt=\"\" class=\"wp-image-694\"\/><\/figure>\n\n\n\n<figure class=\"wp-block-image size-large\"><img decoding=\"async\" data-id=\"691\" src=\"http:\/\/noticias.espacioaudiovisualnacional.org\/wp-content\/uploads\/2022\/12\/EAN22ADP_02792_R_960.jpg\" alt=\"\" class=\"wp-image-691\"\/><\/figure>\n\n\n\n<figure class=\"wp-block-image size-large\"><img decoding=\"async\" data-id=\"689\" src=\"http:\/\/noticias.espacioaudiovisualnacional.org\/wp-content\/uploads\/2022\/12\/EAN22ADP_02534_R_960.jpg\" alt=\"\" class=\"wp-image-689\"\/><\/figure>\n\n\n\n<figure class=\"wp-block-image size-large\"><img decoding=\"async\" data-id=\"688\" src=\"http:\/\/noticias.espacioaudiovisualnacional.org\/wp-content\/uploads\/2022\/12\/EAN22ADP_02767_R_960.jpg\" alt=\"\" class=\"wp-image-688\"\/><\/figure>\n\n\n\n<figure class=\"wp-block-image size-large\"><img decoding=\"async\" data-id=\"686\" src=\"http:\/\/noticias.espacioaudiovisualnacional.org\/wp-content\/uploads\/2022\/12\/EAN22ADP_02749_R_960.jpg\" alt=\"\" class=\"wp-image-686\"\/><\/figure>\n<\/figure>\n\n\n\n<p>Desde el Espacio Audiovisual Nacional, deseamos agradecer el compromiso de la Diputada Nacional, Gabriela Pedrali, quien se encuentra comprometida en una exhaustiva b\u00fasqueda&nbsp;de consensos para que el anteproyecto de ley sea presentado en breve en el Congreso Nacional para su tratamiento.<\/p>\n\n\n","protected":false},"excerpt":{"rendered":"<p>Para continuar trabajando el anteproyecto de la nueva Ley del Audiovisual, los representantes del Espacio Audiovisual Nacional, se reunieron con la Diputada Nacional por la Provincia de La Rioja, Gabriela Pedrali, quien expres\u00f3 su apoyo a la Nueva Ley Federal para la Producci\u00f3n y la Industria Audiovisual.<\/p>\n","protected":false},"author":2,"featured_media":686,"comment_status":"closed","ping_status":"closed","sticky":true,"template":"","format":"standard","meta":{"footnotes":""},"categories":[5],"tags":[],"class_list":["post-685","post","type-post","status-publish","format-standard","has-post-thumbnail","hentry","category-novedades"],"_links":{"self":[{"href":"https:\/\/pre.espacioaudiovisualnacional.org\/ean2023\/wp-json\/wp\/v2\/posts\/685","targetHints":{"allow":["GET"]}}],"collection":[{"href":"https:\/\/pre.espacioaudiovisualnacional.org\/ean2023\/wp-json\/wp\/v2\/posts"}],"about":[{"href":"https:\/\/pre.espacioaudiovisualnacional.org\/ean2023\/wp-json\/wp\/v2\/types\/post"}],"author":[{"embeddable":true,"href":"https:\/\/pre.espacioaudiovisualnacional.org\/ean2023\/wp-json\/wp\/v2\/users\/2"}],"replies":[{"embeddable":true,"href":"https:\/\/pre.espacioaudiovisualnacional.org\/ean2023\/wp-json\/wp\/v2\/comments?post=685"}],"version-history":[{"count":0,"href":"https:\/\/pre.espacioaudiovisualnacional.org\/ean2023\/wp-json\/wp\/v2\/posts\/685\/revisions"}],"wp:featuredmedia":[{"embeddable":true,"href":"https:\/\/pre.espacioaudiovisualnacional.org\/ean2023\/wp-json\/"}],"wp:attachment":[{"href":"https:\/\/pre.espacioaudiovisualnacional.org\/ean2023\/wp-json\/wp\/v2\/media?parent=685"}],"wp:term":[{"taxonomy":"category","embeddable":true,"href":"https:\/\/pre.espacioaudiovisualnacional.org\/ean2023\/wp-json\/wp\/v2\/categories?post=685"},{"taxonomy":"post_tag","embeddable":true,"href":"https:\/\/pre.espacioaudiovisualnacional.org\/ean2023\/wp-json\/wp\/v2\/tags?post=685"}],"curies":[{"name":"wp","href":"https:\/\/api.w.org\/{rel}","templated":true}]}}