{"id":667,"date":"2022-10-18T15:11:45","date_gmt":"2022-10-18T18:11:45","guid":{"rendered":"https:\/\/noticias.espacioaudiovisualnacional.org\/?p=667"},"modified":"2022-10-18T15:11:45","modified_gmt":"2022-10-18T18:11:45","slug":"el-ean-presenta-el-anteproyecto-de-ley-audiovisual-en-el-fab-de-bariloche","status":"publish","type":"post","link":"https:\/\/pre.espacioaudiovisualnacional.org\/ean2023\/el-ean-presenta-el-anteproyecto-de-ley-audiovisual-en-el-fab-de-bariloche\/","title":{"rendered":"El EAN presenta el Anteproyecto de Ley Audiovisual en el FAB de Bariloche"},"content":{"rendered":"\n<p class=\"bajada\">Del 19 al 25 de septiembre se realiz\u00f3 el Festival Audiovisual de Bariloche d\u00f3nde representantes del Espacio Audiovisual Nacional dieron a conocer el anteproyecto de Ley Audiovisual ante una concurrida audiencia que mostr\u00f3 sumo inter\u00e9s sobre las propuestas del nuevo proyecto de ley.<\/p>\n\n\n<div class=\"wp-block-image\">\n<figure class=\"aligncenter size-full\"><img decoding=\"async\" src=\"https:\/\/noticias.espacioaudiovisualnacional.org\/wp-content\/uploads\/2022\/10\/EAN-PAFB-presentacion-anteproyecto-festival-bariloche.jpg\" alt=\"\" class=\"wp-image-668\"\/><\/figure>\n<\/div>\n\n\n<p>Carmen Guarini y Carlos Jaureguialzo, de DAC, junto con representantes de APIMA, PCI y Argentores -entre ellos, Vanesa Pagani, Marco Berger y Julio Raffo-, participaron de la charla abierta que se organiz\u00f3 en la Usina Cultural del Centro C\u00edvico de la ciudad de San Carlos de Bariloche.<\/p>\n\n\n\n<p>Participaron del encuentro, tambi\u00e9n, importantes referentes de la pol\u00edtica regional como la Secretaria de Desarrollo Cultura de la Provincia de R\u00edo Negro, Silvia Alvarado y Agust\u00edn Domingo, Diputado Nacional y miembro de la C\u00e1mara de Diputados de la Argentina por la Provincia de R\u00edo Negro.<\/p>\n\n\n\n<p><em>\u201c<strong>Tenemos una ley de cine que es de 1968, con reforma en 1994, y siempre se hablaba de algo anal\u00f3gico: cine y nada m\u00e1s. Incluso el Instituto no pod\u00eda financiar televisi\u00f3n y a veces hac\u00eda cosas raras como pel\u00edculas para televisi\u00f3n para poder hacerlo\u201d<\/strong><\/em>, sostuvo Carlos Jaureguialzo, seg\u00fan una informaci\u00f3n de T\u00e9lam.<\/p>\n\n\n\n<p>Por su parte, Carmen Guarini expres\u00f3 en una entrevista a GPS Audiovisual: <strong>\u201c<\/strong><em><strong>nos propusimos aprovechar ese tiempo para proponer la inevitable renovaci\u00f3n de la actual ley de cine. As\u00ed entonces Argentores, PCI (Proyecto de Cine Independiente) y Apima (Productores Independientes), junto con DAC (Directores Argentinos Cinematogr\u00e1ficos), asistidos por un grupo de asesores, comenzamos a reunirnos regularmente una vez por semana -primero por Zoom y luego presencial- para escribir una nueva ley. Consideramos que se requiere redefinir el concepto de cuota de pantalla (que ahora incluye plataformas y otras pantallas). Y tambi\u00e9n gravar a las OTTs y plataformas, incluyendo por ejemplo los videojuegos. Las variaciones tecnol\u00f3gicas aportan nuevos formatos que deben estar comprendidos en una nueva ley dado que todo esto tambi\u00e9n aportar\u00eda al Fondo de Fomento. Se crea un Consejo Federal del Cine y las Artes Audiovisuales (CoFeCAA) como un real organismo de articulaci\u00f3n federal para una pol\u00edtica nacional. Y como venimos afirmando, lo central es afectar con criterio federal, los porcentajes de los recursos del Fondo.\u201d<\/strong><\/em><\/p>\n\n\n\n<p>Marco Berger puntualiz\u00f3 que <em>\u201c<strong>no se impone a las plataformas ni al usuario un impuesto nuevo: simplemente se hace lo mismo que con la entrada de cine, es decir, el 21 por ciento de IVA cuya mitad va para el fondo del Incaa. La idea es que la mitad de lo que se grava a las plataformas vaya al fondo de fomento. M\u00e1s o menos el de hoy es de 4.700 millones de pesos y esto se supone que podr\u00eda quintuplicarlo\u201d.<\/strong><\/em><\/p>\n\n\n\n<p><em>Fuente <a href=\"https:\/\/gpsaudiovisual.com\/\">GPS Audiovisual<\/a><\/em><\/p>\n\n\n\n<p><\/p>\n\n\n\n<h5 class=\"wp-block-heading\"><a href=\"https:\/\/gpsaudiovisual.com\/2022\/09\/24\/presentacion-del-anteproyecto-de-la-ley-audovisual-en-el-festival-audiovisual-bariloche\/\">Presentaci\u00f3n del anteproyecto de la Ley Audiovisual en el Festival Audiovisual Bariloche<\/a><\/h5>\n\n\n\n<h5 class=\"wp-block-heading\"><a href=\"https:\/\/gpsaudiovisual.com\/2022\/09\/23\/carmen-guarini-por-primera-vez-en-el-festival-audiovisual-bariloche-el-fab-estimula-a-las-nuevas-generaciones-y-promueve-su-identidad-cultural\/\">Carmen Guarini, por primera vez en el Festival Audiovisual Bariloche: \u00abEl FAB estimula a las nuevas generaciones y promueve su identidad cultural\u00bb<\/a><\/h5>\n","protected":false},"excerpt":{"rendered":"<p>Del 19 al 25 de septiembre se realiz\u00f3 el Festival Audiovisual de Bariloche d\u00f3nde representantes del Espacio Audiovisual Nacional dieron a conocer el anteproyecto de Ley Audiovisual ante una concurrida audiencia que mostr\u00f3 sumo inter\u00e9s sobre las propuestas del nuevo proyecto de ley.<\/p>\n","protected":false},"author":2,"featured_media":668,"comment_status":"closed","ping_status":"closed","sticky":false,"template":"","format":"standard","meta":{"footnotes":""},"categories":[5],"tags":[],"class_list":["post-667","post","type-post","status-publish","format-standard","has-post-thumbnail","hentry","category-novedades"],"_links":{"self":[{"href":"https:\/\/pre.espacioaudiovisualnacional.org\/ean2023\/wp-json\/wp\/v2\/posts\/667","targetHints":{"allow":["GET"]}}],"collection":[{"href":"https:\/\/pre.espacioaudiovisualnacional.org\/ean2023\/wp-json\/wp\/v2\/posts"}],"about":[{"href":"https:\/\/pre.espacioaudiovisualnacional.org\/ean2023\/wp-json\/wp\/v2\/types\/post"}],"author":[{"embeddable":true,"href":"https:\/\/pre.espacioaudiovisualnacional.org\/ean2023\/wp-json\/wp\/v2\/users\/2"}],"replies":[{"embeddable":true,"href":"https:\/\/pre.espacioaudiovisualnacional.org\/ean2023\/wp-json\/wp\/v2\/comments?post=667"}],"version-history":[{"count":0,"href":"https:\/\/pre.espacioaudiovisualnacional.org\/ean2023\/wp-json\/wp\/v2\/posts\/667\/revisions"}],"wp:featuredmedia":[{"embeddable":true,"href":"https:\/\/pre.espacioaudiovisualnacional.org\/ean2023\/wp-json\/"}],"wp:attachment":[{"href":"https:\/\/pre.espacioaudiovisualnacional.org\/ean2023\/wp-json\/wp\/v2\/media?parent=667"}],"wp:term":[{"taxonomy":"category","embeddable":true,"href":"https:\/\/pre.espacioaudiovisualnacional.org\/ean2023\/wp-json\/wp\/v2\/categories?post=667"},{"taxonomy":"post_tag","embeddable":true,"href":"https:\/\/pre.espacioaudiovisualnacional.org\/ean2023\/wp-json\/wp\/v2\/tags?post=667"}],"curies":[{"name":"wp","href":"https:\/\/api.w.org\/{rel}","templated":true}]}}