{"id":612,"date":"2022-08-24T15:04:58","date_gmt":"2022-08-24T18:04:58","guid":{"rendered":"https:\/\/noticias.espacioaudiovisualnacional.org\/?p=612"},"modified":"2022-08-24T15:04:58","modified_gmt":"2022-08-24T18:04:58","slug":"el-ean-se-reunio-con-el-gobernador-de-jujuy-cpn-gerardo-morales","status":"publish","type":"post","link":"https:\/\/pre.espacioaudiovisualnacional.org\/ean2023\/el-ean-se-reunio-con-el-gobernador-de-jujuy-cpn-gerardo-morales\/","title":{"rendered":"El EAN se reuni\u00f3 con el Gobernador de Jujuy, Gerardo Morales"},"content":{"rendered":"\n<p class=\"bajada\">Representantes del EAN \u2013 Espacio Audiovisual Nacional \u2013 se reunieron con el Gobernador de Jujuy, CPN Gerardo Morales, quien recibi\u00f3 el Anteproyecto de la Nueva Ley para la Producci\u00f3n y la Industria Audiovisual y comprometi\u00f3 su apoyo para la sanci\u00f3n de esta nueva normativa.<\/p>\n\n\n\n<div class=\"wp-block-buttons is-content-justification-center is-layout-flex wp-container-core-buttons-is-layout-16018d1d wp-block-buttons-is-layout-flex\">\n<div class=\"wp-block-button is-style-fill\"><a class=\"wp-block-button__link has-white-color has-text-color\" href=\"http:\/\/espacioaudiovisualnacional.org\/anteproyecto\">Ver ANTEPROYECTO DE LEY versi\u00f3n 5.0 al 24 de Agosto de 2022<\/a><\/div>\n<\/div>\n\n\n\n<div style=\"height:10px\" aria-hidden=\"true\" class=\"wp-block-spacer\"><\/div>\n\n\n\n<figure class=\"wp-block-embed is-type-video is-provider-youtube wp-block-embed-youtube wp-embed-aspect-16-9 wp-has-aspect-ratio\"><div class=\"wp-block-embed__wrapper\">\n<iframe loading=\"lazy\" title=\"El EAN en Jujuy\" width=\"1200\" height=\"675\" src=\"https:\/\/www.youtube.com\/embed\/N2Lo-X77V4M?feature=oembed&amp;wmode=opaque&amp;showinfo=0\" style=\"border: none\" allow=\"accelerometer; autoplay; clipboard-write; encrypted-media; gyroscope; picture-in-picture; web-share\" allowfullscreen><\/iframe>\n<\/div><\/figure>\n\n\n\n<p>El EAN, conformado por DAC \u2013 Directores Argentinos Cinematogr\u00e1ficos, Argentores &#8211; Sociedad General de Autores de la Argentina, Apima \u2013 Productores Independientes y PCI &#8211; Asociaci\u00f3n de Directores de Cine, se encuentra trabajando hace m\u00e1s de dos a\u00f1os y actualmente se est\u00e1 haciendo la presentaci\u00f3n del Anteproyecto de la Nueva Ley para la Producci\u00f3n y la Industria Audiovisual en cada una de la provincias del pa\u00eds.<\/p>\n\n\n\n<figure class=\"wp-block-gallery has-nested-images columns-default is-cropped wp-block-gallery-1 is-layout-flex wp-block-gallery-is-layout-flex\">\n<figure class=\"wp-block-image size-large\"><a href=\"https:\/\/noticias.espacioaudiovisualnacional.org\/wp-content\/uploads\/2022\/08\/EAN22EJG_04835.jpg\"><img decoding=\"async\" data-id=\"620\" src=\"http:\/\/noticias.espacioaudiovisualnacional.org\/wp-content\/uploads\/2022\/08\/EAN22EJG_04835.jpg\" alt=\"\" class=\"wp-image-620\"\/><\/a><\/figure>\n<\/figure>\n\n\n\n<figure class=\"wp-block-gallery has-nested-images columns-default is-cropped wp-block-gallery-2 is-layout-flex wp-block-gallery-is-layout-flex\">\n<figure class=\"wp-block-image size-large\"><a href=\"https:\/\/noticias.espacioaudiovisualnacional.org\/wp-content\/uploads\/2022\/08\/EAN22EJG_04784.jpg\"><img decoding=\"async\" data-id=\"622\" src=\"https:\/\/noticias.espacioaudiovisualnacional.org\/wp-content\/uploads\/2022\/08\/EAN22EJG_04784-1024x576.jpg\" alt=\"\" class=\"wp-image-622\"\/><\/a><\/figure>\n\n\n\n<figure class=\"wp-block-image size-large\"><a href=\"https:\/\/noticias.espacioaudiovisualnacional.org\/wp-content\/uploads\/2022\/08\/EAN22EJG_04800.jpg\"><img decoding=\"async\" data-id=\"621\" src=\"https:\/\/noticias.espacioaudiovisualnacional.org\/wp-content\/uploads\/2022\/08\/EAN22EJG_04800-1024x576.jpg\" alt=\"\" class=\"wp-image-621\"\/><\/a><\/figure>\n\n\n\n<figure class=\"wp-block-image size-large\"><a href=\"https:\/\/noticias.espacioaudiovisualnacional.org\/wp-content\/uploads\/2022\/08\/EAN22EJG_04774.jpg\"><img decoding=\"async\" data-id=\"618\" src=\"https:\/\/noticias.espacioaudiovisualnacional.org\/wp-content\/uploads\/2022\/08\/EAN22EJG_04774-1024x576.jpg\" alt=\"\" class=\"wp-image-618\"\/><\/a><\/figure>\n\n\n\n<figure class=\"wp-block-image size-large\"><a href=\"https:\/\/noticias.espacioaudiovisualnacional.org\/wp-content\/uploads\/2022\/08\/EAN22EJG_04757.jpg\"><img decoding=\"async\" data-id=\"617\" src=\"https:\/\/noticias.espacioaudiovisualnacional.org\/wp-content\/uploads\/2022\/08\/EAN22EJG_04757-1024x576.jpg\" alt=\"\" class=\"wp-image-617\"\/><\/a><\/figure>\n\n\n\n<figure class=\"wp-block-image size-large\"><a href=\"https:\/\/noticias.espacioaudiovisualnacional.org\/wp-content\/uploads\/2022\/08\/EAN22EJG_04795.jpg\"><img decoding=\"async\" data-id=\"619\" src=\"https:\/\/noticias.espacioaudiovisualnacional.org\/wp-content\/uploads\/2022\/08\/EAN22EJG_04795-1024x576.jpg\" alt=\"\" class=\"wp-image-619\"\/><\/a><\/figure>\n<\/figure>\n\n\n\n<p>Adem\u00e1s del Gobernador, quien se mostr\u00f3 sumamente interesado por los alcances y beneficios de este anteproyecto y el mismo se comprometi\u00f3 a darle su apoyo y la m\u00e1s amplia difusi\u00f3n, los representantes del EAN fueron recibidos por diferentes actores de la Industria Audiovisual, donde se realiz\u00f3 una charla en el ENERC NOA &#8211; Escuela Nacional de Experimentaci\u00f3n y Realizaci\u00f3n Cinematogr\u00e1fica de la provincia de Jujuy.<\/p>\n\n\n\n<figure class=\"wp-block-gallery has-nested-images columns-default is-cropped wp-block-gallery-3 is-layout-flex wp-block-gallery-is-layout-flex\">\n<figure class=\"wp-block-image size-large\"><a href=\"https:\/\/noticias.espacioaudiovisualnacional.org\/wp-content\/uploads\/2022\/08\/EAN22EJE_04738.jpg\"><img decoding=\"async\" data-id=\"627\" src=\"http:\/\/noticias.espacioaudiovisualnacional.org\/wp-content\/uploads\/2022\/08\/EAN22EJE_04738.jpg\" alt=\"\" class=\"wp-image-627\"\/><\/a><\/figure>\n<\/figure>\n\n\n\n<figure class=\"wp-block-gallery has-nested-images columns-2 is-cropped wp-block-gallery-4 is-layout-flex wp-block-gallery-is-layout-flex\">\n<figure class=\"wp-block-image size-large\"><a href=\"https:\/\/noticias.espacioaudiovisualnacional.org\/wp-content\/uploads\/2022\/08\/EAN22EJE_04542.jpg\"><img decoding=\"async\" data-id=\"623\" src=\"http:\/\/noticias.espacioaudiovisualnacional.org\/wp-content\/uploads\/2022\/08\/EAN22EJE_04542.jpg\" alt=\"\" class=\"wp-image-623\"\/><\/a><\/figure>\n\n\n\n<figure class=\"wp-block-image size-large\"><a href=\"https:\/\/noticias.espacioaudiovisualnacional.org\/wp-content\/uploads\/2022\/08\/EAN22EJE_04677.jpg\"><img decoding=\"async\" data-id=\"626\" src=\"http:\/\/noticias.espacioaudiovisualnacional.org\/wp-content\/uploads\/2022\/08\/EAN22EJE_04677.jpg\" alt=\"\" class=\"wp-image-626\"\/><\/a><\/figure>\n\n\n\n<figure class=\"wp-block-image size-large\"><a href=\"https:\/\/noticias.espacioaudiovisualnacional.org\/wp-content\/uploads\/2022\/08\/EAN22EJE_04595.jpg\"><img decoding=\"async\" data-id=\"624\" src=\"http:\/\/noticias.espacioaudiovisualnacional.org\/wp-content\/uploads\/2022\/08\/EAN22EJE_04595.jpg\" alt=\"\" class=\"wp-image-624\"\/><\/a><\/figure>\n\n\n\n<figure class=\"wp-block-image size-large\"><a href=\"https:\/\/noticias.espacioaudiovisualnacional.org\/wp-content\/uploads\/2022\/08\/EAN22EJE_04645.jpg\"><img decoding=\"async\" data-id=\"625\" src=\"http:\/\/noticias.espacioaudiovisualnacional.org\/wp-content\/uploads\/2022\/08\/EAN22EJE_04645.jpg\" alt=\"\" class=\"wp-image-625\"\/><\/a><\/figure>\n<\/figure>\n","protected":false},"excerpt":{"rendered":"<p>Representantes del EAN \u2013 Espacio Audiovisual Nacional \u2013 se reunieron con el Gobernador de Jujuy, CPN Gerardo Morales, quien recibi\u00f3 el Anteproyecto de la Nueva Ley para la Producci\u00f3n y la Industria Audiovisual y comprometi\u00f3 su apoyo para la sanci\u00f3n de esta nueva normativa. El EAN, conformado por DAC \u2013 Directores Argentinos Cinematogr\u00e1ficos, Argentores &#8211; Sociedad General de Autores de [&hellip;]<\/p>\n","protected":false},"author":2,"featured_media":620,"comment_status":"closed","ping_status":"closed","sticky":false,"template":"","format":"standard","meta":{"footnotes":""},"categories":[5],"tags":[],"class_list":["post-612","post","type-post","status-publish","format-standard","has-post-thumbnail","hentry","category-novedades"],"_links":{"self":[{"href":"https:\/\/pre.espacioaudiovisualnacional.org\/ean2023\/wp-json\/wp\/v2\/posts\/612","targetHints":{"allow":["GET"]}}],"collection":[{"href":"https:\/\/pre.espacioaudiovisualnacional.org\/ean2023\/wp-json\/wp\/v2\/posts"}],"about":[{"href":"https:\/\/pre.espacioaudiovisualnacional.org\/ean2023\/wp-json\/wp\/v2\/types\/post"}],"author":[{"embeddable":true,"href":"https:\/\/pre.espacioaudiovisualnacional.org\/ean2023\/wp-json\/wp\/v2\/users\/2"}],"replies":[{"embeddable":true,"href":"https:\/\/pre.espacioaudiovisualnacional.org\/ean2023\/wp-json\/wp\/v2\/comments?post=612"}],"version-history":[{"count":0,"href":"https:\/\/pre.espacioaudiovisualnacional.org\/ean2023\/wp-json\/wp\/v2\/posts\/612\/revisions"}],"wp:featuredmedia":[{"embeddable":true,"href":"https:\/\/pre.espacioaudiovisualnacional.org\/ean2023\/wp-json\/"}],"wp:attachment":[{"href":"https:\/\/pre.espacioaudiovisualnacional.org\/ean2023\/wp-json\/wp\/v2\/media?parent=612"}],"wp:term":[{"taxonomy":"category","embeddable":true,"href":"https:\/\/pre.espacioaudiovisualnacional.org\/ean2023\/wp-json\/wp\/v2\/categories?post=612"},{"taxonomy":"post_tag","embeddable":true,"href":"https:\/\/pre.espacioaudiovisualnacional.org\/ean2023\/wp-json\/wp\/v2\/tags?post=612"}],"curies":[{"name":"wp","href":"https:\/\/api.w.org\/{rel}","templated":true}]}}