{"id":605,"date":"2022-08-23T15:23:23","date_gmt":"2022-08-23T18:23:23","guid":{"rendered":"https:\/\/noticias.espacioaudiovisualnacional.org\/?p=605"},"modified":"2022-08-23T15:23:23","modified_gmt":"2022-08-23T18:23:23","slug":"continua-la-presentacion-federal-del-anteproyecto-de-la-nueva-ley-para-la-produccion-y-la-industria-audiovisual","status":"publish","type":"post","link":"https:\/\/pre.espacioaudiovisualnacional.org\/ean2023\/continua-la-presentacion-federal-del-anteproyecto-de-la-nueva-ley-para-la-produccion-y-la-industria-audiovisual\/","title":{"rendered":"CONTINUA LA PRESENTACION\u00a0FEDERAL DEL ANTEPROYECTO\u00a0DE LA NUEVA LEY\u00a0PARA LA\u00a0PRODUCCION Y\u00a0LA\u00a0INDUSTRIA AUDIOVISUAL"},"content":{"rendered":"\n<p class=\"bajada\">El Gobernador de la Provincia de San Luis, Dr. Alberto Rodr\u00edguez Saa se reuni\u00f3 con representantes del EAN &#8211; Espacio Audiovisual Nacional &#8211; <a href=\"http:\/\/www.espacioaudiovisualnacional.org\">www.espacioaudiovisualnacional.org<\/a> &#8211; quienes le presentaron el Anteproyecto de la Nueva Ley para la Producci\u00f3n de Cine y el Audiovisual Nacional.&nbsp;<\/p>\n\n\n\n<figure class=\"wp-block-image size-full\"><img decoding=\"async\" src=\"https:\/\/noticias.espacioaudiovisualnacional.org\/wp-content\/uploads\/2022\/08\/ean_reunion_en_san_luis_gobernador_alberto_rodriguez_saa_960.jpg\" alt=\"\" class=\"wp-image-606\"\/><figcaption>En la foto, <strong>Dr. Mario Talamonti<\/strong>, junto al Gobernador de la Provincia de San Luis, <strong>Dr. Alberto Rodr\u00edguez Saa<\/strong>, el presidente de DAC, <strong>Sr. Carlos Galettini<\/strong>, y el <strong>Sr. Gabriel Mariotto<\/strong>, Ex vicegobernador de la Provincia de Buenos Aires.<\/figcaption><\/figure>\n\n\n\n<p>El Gobernador Alberto Rodr\u00edguez Saa se mostro inmediatamente receptivo a la propuesta y se comprometi\u00f3 a acompa\u00f1arla con el apoyo de su Provincia, entendiendo el profundo alcance, actualizaci\u00f3n tecnol\u00f3gica de cara al futuro y los beneficios que propone la nueva normativa tambi\u00e9n en materia federal de la distribuci\u00f3n de los recursos para concretar un efectivo desarrollo de nuestra cultura nacional en este caso a trav\u00e9s del crecimiento de su industria audiovisual.<\/p>\n\n\n\n<p>El EAN, espacio de desarrollo integrado por <a href=\"https:\/\/argentores.org.ar\/\">ARGENTORES<\/a>, Sociedad General de Autores, <a href=\"https:\/\/apima.com.ar\/\">APIMA<\/a>, Asociaci\u00f3n de Productores Independientes de Medios Audiovisuales, <a href=\"http:\/\/www.dac.org.ar\/\">DAC <\/a>&#8211; Directores Argentinos Cinematogr\u00e1ficos, y la Sociedad <a href=\"http:\/\/www.pcicine.com\/\">PCI<\/a> -Proyecto Cine Independiente, se encuentran trabajando desde hace dos a\u00f1os y medio en esta propuesta de ley que ser\u00e1 en breve ingresada al Congreso Nacional para su tratamiento parlamentario.<\/p>\n\n\n\n<p>Este anteproyecto de Ley se encuentra recibiendo diversos apoyos a lo largo y ancho del pa\u00eds y ser\u00e1 tambi\u00e9n presentado ante el grupo de Gobernadores integrantes del Norte Grande quienes se re\u00fanen mensualmente.<\/p>\n\n\n\n<p>Con el Gobernador estuvieron presentes el Presidente de DAC, Sr. Carlos Galettini, el Dr. Mario Talamonti &#8211; quien junto al Dr. Julio Raffo son los principales asesores legales de este anteproyecto de Ley, y el Sr. Gabriel Mariotto, Ex vicegobernador de la Provincia de Buenos Aires y Ex presidente de la Autoridad Federal de Servicios de Comunicaci\u00f3n Audiovisual (AFSCA), quien tambi\u00e9n&nbsp;se encuentra y manifiesta muy comprometido con los alcances que esta nueva Ley propone.<\/p>\n\n\n\n<div class=\"wp-block-buttons is-layout-flex wp-block-buttons-is-layout-flex\">\n<div class=\"wp-block-button\"><a class=\"wp-block-button__link\" href=\"https:\/\/espacioaudiovisualnacional.org\/es\/anteproyecto\">Ver ANTEPROYECTO DE LEY versi\u00f3n 5.0 al 24 de Agosto de 2022<\/a><\/div>\n<\/div>\n","protected":false},"excerpt":{"rendered":"<p>El Gobernador de la Provincia de San Luis, Dr. Alberto Rodr\u00edguez Saa se reuni\u00f3 con representantes del EAN &#8211; Espacio Audiovisual Nacional &#8211; www.espacioaudiovisualnacional.org &#8211; quienes le presentaron el Anteproyecto de la Nueva Ley para la Producci\u00f3n de Cine y el Audiovisual Nacional.&nbsp; El Gobernador Alberto Rodr\u00edguez Saa se mostro inmediatamente receptivo a la propuesta y se comprometi\u00f3 a acompa\u00f1arla [&hellip;]<\/p>\n","protected":false},"author":2,"featured_media":606,"comment_status":"closed","ping_status":"closed","sticky":false,"template":"","format":"standard","meta":{"footnotes":""},"categories":[5],"tags":[],"class_list":["post-605","post","type-post","status-publish","format-standard","has-post-thumbnail","hentry","category-novedades"],"_links":{"self":[{"href":"https:\/\/pre.espacioaudiovisualnacional.org\/ean2023\/wp-json\/wp\/v2\/posts\/605","targetHints":{"allow":["GET"]}}],"collection":[{"href":"https:\/\/pre.espacioaudiovisualnacional.org\/ean2023\/wp-json\/wp\/v2\/posts"}],"about":[{"href":"https:\/\/pre.espacioaudiovisualnacional.org\/ean2023\/wp-json\/wp\/v2\/types\/post"}],"author":[{"embeddable":true,"href":"https:\/\/pre.espacioaudiovisualnacional.org\/ean2023\/wp-json\/wp\/v2\/users\/2"}],"replies":[{"embeddable":true,"href":"https:\/\/pre.espacioaudiovisualnacional.org\/ean2023\/wp-json\/wp\/v2\/comments?post=605"}],"version-history":[{"count":0,"href":"https:\/\/pre.espacioaudiovisualnacional.org\/ean2023\/wp-json\/wp\/v2\/posts\/605\/revisions"}],"wp:featuredmedia":[{"embeddable":true,"href":"https:\/\/pre.espacioaudiovisualnacional.org\/ean2023\/wp-json\/"}],"wp:attachment":[{"href":"https:\/\/pre.espacioaudiovisualnacional.org\/ean2023\/wp-json\/wp\/v2\/media?parent=605"}],"wp:term":[{"taxonomy":"category","embeddable":true,"href":"https:\/\/pre.espacioaudiovisualnacional.org\/ean2023\/wp-json\/wp\/v2\/categories?post=605"},{"taxonomy":"post_tag","embeddable":true,"href":"https:\/\/pre.espacioaudiovisualnacional.org\/ean2023\/wp-json\/wp\/v2\/tags?post=605"}],"curies":[{"name":"wp","href":"https:\/\/api.w.org\/{rel}","templated":true}]}}