{"id":553,"date":"2022-08-02T14:56:01","date_gmt":"2022-08-02T17:56:01","guid":{"rendered":"http:\/\/noticias.espacioaudiovisualnacional.org\/?p=553"},"modified":"2022-08-02T14:56:01","modified_gmt":"2022-08-02T17:56:01","slug":"el-anteproyecto-de-ley-audiovisual-camino-al-congreso-de-la-nacion","status":"publish","type":"post","link":"https:\/\/pre.espacioaudiovisualnacional.org\/ean2023\/el-anteproyecto-de-ley-audiovisual-camino-al-congreso-de-la-nacion\/","title":{"rendered":"El anteproyecto de ley audiovisual camino al Congreso de la Naci\u00f3n"},"content":{"rendered":"\n<p>El pasado jueves 28 de julio representantes del Consejo Ejecutivo del EAN fueron recibidos en Posadas, Misiones, por el Consejo Directivo del IAAviM (Instituto de Artes Audiovisuales de Misiones).<\/p>\n\n\n\n<figure class=\"wp-block-embed is-type-video is-provider-youtube wp-block-embed-youtube wp-embed-aspect-16-9 wp-has-aspect-ratio\"><div class=\"wp-block-embed__wrapper\">\n<iframe loading=\"lazy\" title=\"El anteproyecto de ley audiovisual camino al Congreso de la Naci\u00f3n\" width=\"1200\" height=\"675\" src=\"https:\/\/www.youtube.com\/embed\/5fpUeEep1SE?feature=oembed&amp;wmode=opaque&amp;showinfo=0\" style=\"border: none\" allow=\"accelerometer; autoplay; clipboard-write; encrypted-media; gyroscope; picture-in-picture; web-share\" allowfullscreen><\/iframe>\n<\/div><\/figure>\n\n\n\n<p>Durante el encuentro, se compartieron y analizaron las propuestas del anteproyecto para una Nueva Ley Audiovisual y se ratific\u00f3 la voluntad de apoyo de la provincia para su presentaci\u00f3n en el Congreso, tanto desde el sector de la producci\u00f3n audiovisual, como desde la conducci\u00f3n pol\u00edtica.<\/p>\n\n\n\n<figure class=\"wp-block-gallery has-nested-images columns-default is-cropped wp-block-gallery-1 is-layout-flex wp-block-gallery-is-layout-flex\">\n<figure class=\"wp-block-image size-medium\"><a href=\"http:\/\/noticias.espacioaudiovisualnacional.org\/wp-content\/uploads\/2022\/08\/EAN_EEIP_003_encuentro_ean_iaavim_posadas.jpg\"><img decoding=\"async\" data-id=\"576\" src=\"http:\/\/noticias.espacioaudiovisualnacional.org\/wp-content\/uploads\/2022\/08\/EAN_EEIP_003_encuentro_ean_iaavim_posadas-300x169.jpg\" alt=\"\" class=\"wp-image-576\"\/><\/a><\/figure>\n\n\n\n<figure class=\"wp-block-image size-medium\"><a href=\"http:\/\/noticias.espacioaudiovisualnacional.org\/wp-content\/uploads\/2022\/08\/EAN_EEIP_001_encuentro_ean_iaavim_posadas.jpg\"><img decoding=\"async\" data-id=\"578\" src=\"http:\/\/noticias.espacioaudiovisualnacional.org\/wp-content\/uploads\/2022\/08\/EAN_EEIP_001_encuentro_ean_iaavim_posadas-300x169.jpg\" alt=\"\" class=\"wp-image-578\"\/><\/a><\/figure>\n\n\n\n<figure class=\"wp-block-image size-medium\"><a href=\"http:\/\/noticias.espacioaudiovisualnacional.org\/wp-content\/uploads\/2022\/08\/EAN_EEIP_002_encuentro_ean_iaavim_posadas.jpg\"><img decoding=\"async\" data-id=\"577\" src=\"http:\/\/noticias.espacioaudiovisualnacional.org\/wp-content\/uploads\/2022\/08\/EAN_EEIP_002_encuentro_ean_iaavim_posadas-300x169.jpg\" alt=\"\" class=\"wp-image-577\"\/><\/a><\/figure>\n\n\n\n<figure class=\"wp-block-image size-medium\"><a href=\"http:\/\/noticias.espacioaudiovisualnacional.org\/wp-content\/uploads\/2022\/08\/EAN_EEIP_010_encuentro_ean_iaavim_posadas.jpg\"><img decoding=\"async\" data-id=\"579\" src=\"http:\/\/noticias.espacioaudiovisualnacional.org\/wp-content\/uploads\/2022\/08\/EAN_EEIP_010_encuentro_ean_iaavim_posadas-300x169.jpg\" alt=\"\" class=\"wp-image-579\"\/><\/a><\/figure>\n\n\n\n<figure class=\"wp-block-image size-medium\"><a href=\"http:\/\/noticias.espacioaudiovisualnacional.org\/wp-content\/uploads\/2022\/08\/EAN_EEIP_005_encuentro_ean_iaavim_posadas.jpg\"><img decoding=\"async\" data-id=\"574\" src=\"http:\/\/noticias.espacioaudiovisualnacional.org\/wp-content\/uploads\/2022\/08\/EAN_EEIP_005_encuentro_ean_iaavim_posadas-300x169.jpg\" alt=\"\" class=\"wp-image-574\"\/><\/a><\/figure>\n\n\n\n<figure class=\"wp-block-image size-medium\"><a href=\"http:\/\/noticias.espacioaudiovisualnacional.org\/wp-content\/uploads\/2022\/08\/EAN_EEIP_007_encuentro_ean_iaavim_posadas.jpg\"><img decoding=\"async\" data-id=\"572\" src=\"http:\/\/noticias.espacioaudiovisualnacional.org\/wp-content\/uploads\/2022\/08\/EAN_EEIP_007_encuentro_ean_iaavim_posadas-300x169.jpg\" alt=\"\" class=\"wp-image-572\"\/><\/a><\/figure>\n\n\n\n<figure class=\"wp-block-image size-medium\"><a href=\"http:\/\/noticias.espacioaudiovisualnacional.org\/wp-content\/uploads\/2022\/08\/EAN_EEIP_004_encuentro_ean_iaavim_posadas.jpg\"><img decoding=\"async\" data-id=\"575\" src=\"http:\/\/noticias.espacioaudiovisualnacional.org\/wp-content\/uploads\/2022\/08\/EAN_EEIP_004_encuentro_ean_iaavim_posadas-300x169.jpg\" alt=\"\" class=\"wp-image-575\"\/><\/a><\/figure>\n\n\n\n<figure class=\"wp-block-image size-medium\"><a href=\"http:\/\/noticias.espacioaudiovisualnacional.org\/wp-content\/uploads\/2022\/08\/EAN_EEIP_008_encuentro_ean_iaavim_posadas.jpg\"><img decoding=\"async\" data-id=\"571\" src=\"http:\/\/noticias.espacioaudiovisualnacional.org\/wp-content\/uploads\/2022\/08\/EAN_EEIP_008_encuentro_ean_iaavim_posadas-300x169.jpg\" alt=\"\" class=\"wp-image-571\"\/><\/a><\/figure>\n\n\n\n<figure class=\"wp-block-image size-medium\"><a href=\"http:\/\/noticias.espacioaudiovisualnacional.org\/wp-content\/uploads\/2022\/08\/EAN_EEIP_009_encuentro_ean_iaavim_posadas.jpg\"><img decoding=\"async\" data-id=\"570\" src=\"http:\/\/noticias.espacioaudiovisualnacional.org\/wp-content\/uploads\/2022\/08\/EAN_EEIP_009_encuentro_ean_iaavim_posadas-300x169.jpg\" alt=\"\" class=\"wp-image-570\"\/><\/a><\/figure>\n<\/figure>\n","protected":false},"excerpt":{"rendered":"<p>El pasado jueves 28 de julio representantes del Consejo Ejecutivo del EAN fueron recibidos en Posadas, Misiones, por el Consejo Directivo del IAAviM (Instituto de Artes Audiovisuales de Misiones).<\/p>\n","protected":false},"author":2,"featured_media":573,"comment_status":"closed","ping_status":"closed","sticky":false,"template":"","format":"standard","meta":{"footnotes":""},"categories":[5],"tags":[7],"class_list":["post-553","post","type-post","status-publish","format-standard","has-post-thumbnail","hentry","category-novedades","tag-encuentros-federales"],"_links":{"self":[{"href":"https:\/\/pre.espacioaudiovisualnacional.org\/ean2023\/wp-json\/wp\/v2\/posts\/553","targetHints":{"allow":["GET"]}}],"collection":[{"href":"https:\/\/pre.espacioaudiovisualnacional.org\/ean2023\/wp-json\/wp\/v2\/posts"}],"about":[{"href":"https:\/\/pre.espacioaudiovisualnacional.org\/ean2023\/wp-json\/wp\/v2\/types\/post"}],"author":[{"embeddable":true,"href":"https:\/\/pre.espacioaudiovisualnacional.org\/ean2023\/wp-json\/wp\/v2\/users\/2"}],"replies":[{"embeddable":true,"href":"https:\/\/pre.espacioaudiovisualnacional.org\/ean2023\/wp-json\/wp\/v2\/comments?post=553"}],"version-history":[{"count":0,"href":"https:\/\/pre.espacioaudiovisualnacional.org\/ean2023\/wp-json\/wp\/v2\/posts\/553\/revisions"}],"wp:featuredmedia":[{"embeddable":true,"href":"https:\/\/pre.espacioaudiovisualnacional.org\/ean2023\/wp-json\/"}],"wp:attachment":[{"href":"https:\/\/pre.espacioaudiovisualnacional.org\/ean2023\/wp-json\/wp\/v2\/media?parent=553"}],"wp:term":[{"taxonomy":"category","embeddable":true,"href":"https:\/\/pre.espacioaudiovisualnacional.org\/ean2023\/wp-json\/wp\/v2\/categories?post=553"},{"taxonomy":"post_tag","embeddable":true,"href":"https:\/\/pre.espacioaudiovisualnacional.org\/ean2023\/wp-json\/wp\/v2\/tags?post=553"}],"curies":[{"name":"wp","href":"https:\/\/api.w.org\/{rel}","templated":true}]}}