{"id":522,"date":"2022-05-24T18:11:38","date_gmt":"2022-05-24T21:11:38","guid":{"rendered":"http:\/\/noticias.espacioaudiovisualnacional.org\/?p=522"},"modified":"2023-03-07T12:46:56","modified_gmt":"2023-03-07T15:46:56","slug":"el-ministro-de-cultura-tristan-bauer-recibio-a-los-representantes-del-espacio-audiovisual-nacional","status":"publish","type":"post","link":"https:\/\/pre.espacioaudiovisualnacional.org\/ean2023\/el-ministro-de-cultura-tristan-bauer-recibio-a-los-representantes-del-espacio-audiovisual-nacional\/","title":{"rendered":"El Ministro de Cultura Trist\u00e1n Bauer recibi\u00f3 a los representantes del Espacio Audiovisual Nacional"},"content":{"rendered":"\n<p>En un muy fruct\u00edfero encuentro, que dur\u00f3 m\u00e1s de 2 horas, los representantes y el cineasta conversaron sobre el futuro de la Nueva Ley para la Producci\u00f3n Audiovisual Nacional.<\/p>\n\n\n\n<figure class=\"wp-block-image size-full\"><img decoding=\"async\" src=\"http:\/\/noticias.espacioaudiovisualnacional.org\/wp-content\/uploads\/2022\/05\/EAN22RMY_960.jpg\" alt=\"\" class=\"wp-image-523\"\/><figcaption class=\"wp-element-caption\">El Ministro de Cultura Trist\u00e1n Bauer recibi\u00f3 a los representantes del Espacio Audiovisual Nacional<\/figcaption><\/figure>\n\n\n\n<p>Durante el encuentro, Bauer y los intregrantes del EAN, conversaron sobre el anteproyecto de ley que se est\u00e1 trabajando y resaltaron que hay que luchar para que se convierta en ley lo antes posible.<\/p>\n\n\n\n<p>La reuni\u00f3n fue muy cordial y positiva y hubieron muchos puntos de acuerdo. Se coincidi\u00f3 en la necesidad y la oportunidad de modificar la ley vigente.<\/p>\n\n\n\n<p>El Ministro se comprometi\u00f3 a estudiar el proyecto con sus colaboradores y aportar sus puntos de vista.<\/p>\n\n\n\n<p>El EAN contin\u00faa trabajando todos los d\u00edas con el fin de de que se apruebe la <strong>Nueva Ley para la Producci\u00f3n y la Industria Audiovisual Nacional<\/strong>.<\/p>\n\n\n\n<figure class=\"wp-block-gallery has-nested-images columns-default is-cropped wp-block-gallery-1 is-layout-flex wp-block-gallery-is-layout-flex\">\n<figure class=\"wp-block-image size-large\"><img decoding=\"async\" data-id=\"512\" src=\"http:\/\/noticias.espacioaudiovisualnacional.org\/wp-content\/uploads\/2022\/03\/EAN22EFE_00434_R.jpg\" alt=\"\" class=\"wp-image-512\"\/><\/figure>\n\n\n\n<figure class=\"wp-block-image size-large\"><img decoding=\"async\" data-id=\"499\" src=\"http:\/\/noticias.espacioaudiovisualnacional.org\/wp-content\/uploads\/2022\/02\/gps-dagostino.jpg\" alt=\"\" class=\"wp-image-499\"\/><\/figure>\n\n\n\n<figure class=\"wp-block-image size-large\"><img decoding=\"async\" data-id=\"513\" src=\"http:\/\/noticias.espacioaudiovisualnacional.org\/wp-content\/uploads\/2022\/03\/EAN22EFE_00371_R.jpg\" alt=\"\" class=\"wp-image-513\"\/><\/figure>\n\n\n\n<figure class=\"wp-block-image size-large\"><img decoding=\"async\" data-id=\"510\" src=\"http:\/\/noticias.espacioaudiovisualnacional.org\/wp-content\/uploads\/2022\/03\/EAN22EFE_00316_R.jpg\" alt=\"\" class=\"wp-image-510\"\/><\/figure>\n\n\n\n<figure class=\"wp-block-image size-large\"><img decoding=\"async\" data-id=\"525\" src=\"http:\/\/noticias.espacioaudiovisualnacional.org\/wp-content\/uploads\/2022\/05\/EAN22RAB_0032.jpg\" alt=\"\" class=\"wp-image-525\"\/><\/figure>\n\n\n\n<figure class=\"wp-block-image size-large\"><img decoding=\"async\" data-id=\"526\" src=\"http:\/\/noticias.espacioaudiovisualnacional.org\/wp-content\/uploads\/2022\/05\/EAN22RAB_0028.jpg\" alt=\"\" class=\"wp-image-526\"\/><\/figure>\n\n\n\n<figure class=\"wp-block-image size-large\"><img decoding=\"async\" data-id=\"527\" src=\"http:\/\/noticias.espacioaudiovisualnacional.org\/wp-content\/uploads\/2022\/05\/EAN22RAB_0004.jpg\" alt=\"\" class=\"wp-image-527\"\/><\/figure>\n\n\n\n<figure class=\"wp-block-image size-large\"><img decoding=\"async\" data-id=\"507\" src=\"http:\/\/noticias.espacioaudiovisualnacional.org\/wp-content\/uploads\/2022\/03\/EAN22EFE_00224_R.jpg\" alt=\"\" class=\"wp-image-507\"\/><\/figure>\n\n\n\n<figure class=\"wp-block-image size-large\"><img decoding=\"async\" data-id=\"506\" src=\"http:\/\/noticias.espacioaudiovisualnacional.org\/wp-content\/uploads\/2022\/03\/EAN22EFE_00204_R.jpg\" alt=\"\" class=\"wp-image-506\"\/><\/figure>\n<\/figure>\n","protected":false},"excerpt":{"rendered":"<p>En un muy fruct\u00edfero encuentro, que dur\u00f3 m\u00e1s de 2 horas, los representantes y el cineasta conversaron sobre el futuro de la Nueva Ley para la Producci\u00f3n Audiovisual Nacional.<\/p>\n","protected":false},"author":2,"featured_media":523,"comment_status":"closed","ping_status":"closed","sticky":false,"template":"","format":"standard","meta":{"footnotes":""},"categories":[5],"tags":[],"class_list":["post-522","post","type-post","status-publish","format-standard","has-post-thumbnail","hentry","category-novedades"],"_links":{"self":[{"href":"https:\/\/pre.espacioaudiovisualnacional.org\/ean2023\/wp-json\/wp\/v2\/posts\/522","targetHints":{"allow":["GET"]}}],"collection":[{"href":"https:\/\/pre.espacioaudiovisualnacional.org\/ean2023\/wp-json\/wp\/v2\/posts"}],"about":[{"href":"https:\/\/pre.espacioaudiovisualnacional.org\/ean2023\/wp-json\/wp\/v2\/types\/post"}],"author":[{"embeddable":true,"href":"https:\/\/pre.espacioaudiovisualnacional.org\/ean2023\/wp-json\/wp\/v2\/users\/2"}],"replies":[{"embeddable":true,"href":"https:\/\/pre.espacioaudiovisualnacional.org\/ean2023\/wp-json\/wp\/v2\/comments?post=522"}],"version-history":[{"count":1,"href":"https:\/\/pre.espacioaudiovisualnacional.org\/ean2023\/wp-json\/wp\/v2\/posts\/522\/revisions"}],"predecessor-version":[{"id":1029,"href":"https:\/\/pre.espacioaudiovisualnacional.org\/ean2023\/wp-json\/wp\/v2\/posts\/522\/revisions\/1029"}],"wp:featuredmedia":[{"embeddable":true,"href":"https:\/\/pre.espacioaudiovisualnacional.org\/ean2023\/wp-json\/"}],"wp:attachment":[{"href":"https:\/\/pre.espacioaudiovisualnacional.org\/ean2023\/wp-json\/wp\/v2\/media?parent=522"}],"wp:term":[{"taxonomy":"category","embeddable":true,"href":"https:\/\/pre.espacioaudiovisualnacional.org\/ean2023\/wp-json\/wp\/v2\/categories?post=522"},{"taxonomy":"post_tag","embeddable":true,"href":"https:\/\/pre.espacioaudiovisualnacional.org\/ean2023\/wp-json\/wp\/v2\/tags?post=522"}],"curies":[{"name":"wp","href":"https:\/\/api.w.org\/{rel}","templated":true}]}}