{"id":502,"date":"2022-03-23T11:39:00","date_gmt":"2022-03-23T14:39:00","guid":{"rendered":"http:\/\/noticias.espacioaudiovisualnacional.org\/?p=502"},"modified":"2023-03-07T12:47:23","modified_gmt":"2023-03-07T15:47:23","slug":"encuentro-federal","status":"publish","type":"post","link":"https:\/\/pre.espacioaudiovisualnacional.org\/ean2023\/encuentro-federal\/","title":{"rendered":"ENCUENTRO FEDERAL"},"content":{"rendered":"\n<p>El EAN se reuni\u00f3 con representantes de las distintas regiones provinciales del Consejo Asesor del<br>INCAA para escuchar sus ideas y propuestas, las mismas, formar\u00e1n parte del anteproyecto de nueva Ley<br>Audiovisual. Al promediar la reuni\u00f3n, se coordin\u00f3 una agenda de trabajo en com\u00fan y se prepara un<br>encuentro federal que tendr\u00e1 lugar, en abril, en una provincia a designar.<\/p>\n\n\n\n<figure class=\"wp-block-gallery has-nested-images columns-default is-cropped wp-block-gallery-1 is-layout-flex wp-block-gallery-is-layout-flex\">\n<figure class=\"wp-block-image size-large\"><a href=\"http:\/\/noticias.espacioaudiovisualnacional.org\/wp-content\/uploads\/2022\/03\/EAN22EFE_00316_R.jpg\"><img decoding=\"async\" data-id=\"510\" src=\"http:\/\/noticias.espacioaudiovisualnacional.org\/wp-content\/uploads\/2022\/03\/EAN22EFE_00316_R-1024x576.jpg\" alt=\"\" class=\"wp-image-510\"\/><\/a><\/figure>\n\n\n\n<figure class=\"wp-block-image size-large\"><a href=\"http:\/\/noticias.espacioaudiovisualnacional.org\/wp-content\/uploads\/2022\/03\/EAN22EFE_00192_R.jpg\"><img decoding=\"async\" data-id=\"509\" src=\"http:\/\/noticias.espacioaudiovisualnacional.org\/wp-content\/uploads\/2022\/03\/EAN22EFE_00192_R-1024x576.jpg\" alt=\"\" class=\"wp-image-509\"\/><\/a><\/figure>\n\n\n\n<figure class=\"wp-block-image size-large\"><a href=\"http:\/\/noticias.espacioaudiovisualnacional.org\/wp-content\/uploads\/2022\/03\/EAN22EFE_00204_R.jpg\"><img decoding=\"async\" data-id=\"506\" src=\"http:\/\/noticias.espacioaudiovisualnacional.org\/wp-content\/uploads\/2022\/03\/EAN22EFE_00204_R-1024x576.jpg\" alt=\"\" class=\"wp-image-506\"\/><\/a><\/figure>\n\n\n\n<figure class=\"wp-block-image size-large\"><a href=\"http:\/\/noticias.espacioaudiovisualnacional.org\/wp-content\/uploads\/2022\/03\/EAN22EFE_00224_R.jpg\"><img decoding=\"async\" data-id=\"507\" src=\"http:\/\/noticias.espacioaudiovisualnacional.org\/wp-content\/uploads\/2022\/03\/EAN22EFE_00224_R-1024x576.jpg\" alt=\"\" class=\"wp-image-507\"\/><\/a><\/figure>\n\n\n\n<figure class=\"wp-block-image size-large\"><a href=\"http:\/\/noticias.espacioaudiovisualnacional.org\/wp-content\/uploads\/2022\/03\/EAN22EFE_00169_R.jpg\"><img decoding=\"async\" data-id=\"505\" src=\"http:\/\/noticias.espacioaudiovisualnacional.org\/wp-content\/uploads\/2022\/03\/EAN22EFE_00169_R-1024x576.jpg\" alt=\"\" class=\"wp-image-505\"\/><\/a><\/figure>\n\n\n\n<figure class=\"wp-block-image size-large\"><a href=\"http:\/\/noticias.espacioaudiovisualnacional.org\/wp-content\/uploads\/2022\/03\/EAN22EFE_00291_R.jpg\"><img decoding=\"async\" data-id=\"508\" src=\"http:\/\/noticias.espacioaudiovisualnacional.org\/wp-content\/uploads\/2022\/03\/EAN22EFE_00291_R-1024x576.jpg\" alt=\"\" class=\"wp-image-508\"\/><\/a><\/figure>\n\n\n\n<figure class=\"wp-block-image size-large\"><a href=\"http:\/\/noticias.espacioaudiovisualnacional.org\/wp-content\/uploads\/2022\/03\/EAN22EFE_00304_R.jpg\"><img decoding=\"async\" data-id=\"511\" src=\"http:\/\/noticias.espacioaudiovisualnacional.org\/wp-content\/uploads\/2022\/03\/EAN22EFE_00304_R-1024x576.jpg\" alt=\"\" class=\"wp-image-511\"\/><\/a><\/figure>\n\n\n\n<figure class=\"wp-block-image size-large\"><a href=\"http:\/\/noticias.espacioaudiovisualnacional.org\/wp-content\/uploads\/2022\/03\/EAN22EFE_00371_R.jpg\"><img decoding=\"async\" data-id=\"513\" src=\"http:\/\/noticias.espacioaudiovisualnacional.org\/wp-content\/uploads\/2022\/03\/EAN22EFE_00371_R-1024x576.jpg\" alt=\"\" class=\"wp-image-513\"\/><\/a><\/figure>\n<\/figure>\n\n\n\n<figure class=\"wp-block-image size-large\"><a href=\"http:\/\/noticias.espacioaudiovisualnacional.org\/wp-content\/uploads\/2022\/03\/EAN22EFE_00434_R.jpg\"><img decoding=\"async\" src=\"http:\/\/noticias.espacioaudiovisualnacional.org\/wp-content\/uploads\/2022\/03\/EAN22EFE_00434_R.jpg\" alt=\"\" class=\"wp-image-512\"\/><\/a><\/figure>\n\n\n\n<figure class=\"wp-block-gallery has-nested-images columns-default is-cropped wp-block-gallery-2 is-layout-flex wp-block-gallery-is-layout-flex\"><\/figure>\n","protected":false},"excerpt":{"rendered":"<p>El EAN se reuni\u00f3 con representantes de las distintas regiones provinciales del Consejo Asesor delINCAA para escuchar sus ideas y propuestas, las mismas, formar\u00e1n parte del anteproyecto de nueva LeyAudiovisual. Al promediar la reuni\u00f3n, se coordin\u00f3 una agenda de trabajo en com\u00fan y se prepara unencuentro federal que tendr\u00e1 lugar, en abril, en una provincia a designar.<\/p>\n","protected":false},"author":2,"featured_media":512,"comment_status":"closed","ping_status":"closed","sticky":false,"template":"","format":"standard","meta":{"footnotes":""},"categories":[5],"tags":[],"class_list":["post-502","post","type-post","status-publish","format-standard","has-post-thumbnail","hentry","category-novedades"],"_links":{"self":[{"href":"https:\/\/pre.espacioaudiovisualnacional.org\/ean2023\/wp-json\/wp\/v2\/posts\/502","targetHints":{"allow":["GET"]}}],"collection":[{"href":"https:\/\/pre.espacioaudiovisualnacional.org\/ean2023\/wp-json\/wp\/v2\/posts"}],"about":[{"href":"https:\/\/pre.espacioaudiovisualnacional.org\/ean2023\/wp-json\/wp\/v2\/types\/post"}],"author":[{"embeddable":true,"href":"https:\/\/pre.espacioaudiovisualnacional.org\/ean2023\/wp-json\/wp\/v2\/users\/2"}],"replies":[{"embeddable":true,"href":"https:\/\/pre.espacioaudiovisualnacional.org\/ean2023\/wp-json\/wp\/v2\/comments?post=502"}],"version-history":[{"count":1,"href":"https:\/\/pre.espacioaudiovisualnacional.org\/ean2023\/wp-json\/wp\/v2\/posts\/502\/revisions"}],"predecessor-version":[{"id":1031,"href":"https:\/\/pre.espacioaudiovisualnacional.org\/ean2023\/wp-json\/wp\/v2\/posts\/502\/revisions\/1031"}],"wp:featuredmedia":[{"embeddable":true,"href":"https:\/\/pre.espacioaudiovisualnacional.org\/ean2023\/wp-json\/"}],"wp:attachment":[{"href":"https:\/\/pre.espacioaudiovisualnacional.org\/ean2023\/wp-json\/wp\/v2\/media?parent=502"}],"wp:term":[{"taxonomy":"category","embeddable":true,"href":"https:\/\/pre.espacioaudiovisualnacional.org\/ean2023\/wp-json\/wp\/v2\/categories?post=502"},{"taxonomy":"post_tag","embeddable":true,"href":"https:\/\/pre.espacioaudiovisualnacional.org\/ean2023\/wp-json\/wp\/v2\/tags?post=502"}],"curies":[{"name":"wp","href":"https:\/\/api.w.org\/{rel}","templated":true}]}}