{"id":441,"date":"2021-09-30T11:35:48","date_gmt":"2021-09-30T14:35:48","guid":{"rendered":"http:\/\/noticias.espacioaudiovisualnacional.org\/?p=441"},"modified":"2023-03-07T12:52:41","modified_gmt":"2023-03-07T15:52:41","slug":"comunicado-prensa-para-extender-la-vida-del-cine-argentino-y-la-cultura-nacional","status":"publish","type":"post","link":"https:\/\/pre.espacioaudiovisualnacional.org\/ean2023\/comunicado-prensa-para-extender-la-vida-del-cine-argentino-y-la-cultura-nacional\/","title":{"rendered":"PARA EXTENDER LA VIDA DEL CINE ARGENTINO Y LA CULTURA NACIONAL"},"content":{"rendered":"\n<p class=\"has-text-align-right\">Comunicado de Prensa, 30 de septiembre de 2021<\/p>\n\n\n\n<p>Apoyamos el proyecto de ley de los Diputados de la Naci\u00f3n Jos\u00e9 Pablo Carro, Walter Correa, M\u00f3nica Macha, Germ\u00e1n Mart\u00ednez&nbsp;&nbsp;y Mar\u00eda Carolina Mois\u00e9s para extender hasta el 31 de Diciembre de 2072 la vigencia de las asignaciones espec\u00edficas previstas en los incisos b), e) e i) del art\u00edculo 4 de la Ley 27.432, promulgada en diciembre de 2017, seg\u00fan el cual a partir de enero de 2023, los grav\u00e1menes con los que se conforma el Fondo de Fomento Cinematogr\u00e1fico que seg\u00fan la ley&nbsp;&nbsp;17.741 vigente ingresan al INCAA (10% de cada entrada de cine, venta o alquiler de pel\u00edculas en DVD y Blu-Ray m\u00e1s 25% de lo recaudado por el ENACOM en impuestos a la TV abierta y por cable) pasar\u00e1n a Rentas Generales del Estado para ser reasignados, cada a\u00f1o, por la Ley de Presupuesto.<\/p>\n\n\n\n<p>Solicitamos a la Honorable C\u00e1mara de Diputados y el Senado de la Naci\u00f3n sancionar con fuerza de ley esta extensi\u00f3n, caso contrario el Instituto Nacional de Cine y Artes Audiovisuales perder\u00e1 su autarqu\u00eda y quedar\u00e1 sin recursos propios, interrumpiendo as\u00ed la existencia del cine argentino y de toda la cultura nacional&nbsp;&nbsp;que, a trav\u00e9s del Instituto Nacional de la M\u00fasica, el Instituto Nacional del Teatro, las Bibliotecas Populares, las producciones del Sistema Nacional de Medios P\u00fablicos, el ENACOM y el funcionamiento de la Defensor\u00eda del P\u00fablico de los Servicios de Comunicaci\u00f3n Audiovisual,&nbsp;recibe estas asignaciones para fomentar sus actividades y as\u00ed proteger e impulsar la identidad nacional.<\/p>\n\n\n\n<p><\/p>\n\n\n\n<p><strong>ESPACIO AUDIOVISUAL NACIONAL<\/strong><\/p>\n\n\n\n<p class=\"has-white-color has-text-color\">&#8211;<\/p>\n\n\n\n<div class=\"wp-block-columns is-layout-flex wp-container-core-columns-is-layout-9d6595d7 wp-block-columns-is-layout-flex\">\n<div class=\"wp-block-column is-layout-flow wp-block-column-is-layout-flow\">\n<p><strong>ARGENTORES<\/strong><\/p>\n\n\n\n<p>Asociaci\u00f3n General de Autores <br>de la Argentina<\/p>\n\n\n\n<p><a href=\"https:\/\/argentores.org.ar\/\">argentores.org.ar<\/a><\/p>\n\n\n\n<p class=\"has-white-color has-text-color\">&#8211;<\/p>\n\n\n\n<p><strong>APIMA<\/strong><\/p>\n\n\n\n<p>Asociaci\u00f3n de Productores Independientes <br>de Medios Audiovisuales<\/p>\n\n\n\n<p><a href=\"https:\/\/apima.com.ar\/\">apima.com.ar\/<\/a><\/p>\n\n\n\n<p class=\"has-white-color has-text-color\">&#8211;<\/p>\n<\/div>\n\n\n\n<div class=\"wp-block-column is-layout-flow wp-block-column-is-layout-flow\">\n<p><strong>DAC<\/strong><\/p>\n\n\n\n<p>Directores Argentinos Cinematogr\u00e1ficos &#8211; Asociaci\u00f3n General de Directores Autores<\/p>\n\n\n\n<p><a href=\"http:\/\/www.dac.org.ar\">dac.org.ar<\/a><\/p>\n\n\n\n<p class=\"has-white-color has-text-color\">&#8211;<\/p>\n\n\n\n<p><strong>PCI<\/strong><\/p>\n\n\n\n<p>Proyecto Cine <br>Independiente<\/p>\n\n\n\n<p><a href=\"http:\/\/www.pcicine.com\/\">www.pcicine.com<\/a><\/p>\n<\/div>\n<\/div>\n\n\n\n<hr class=\"wp-block-separator has-css-opacity\"\/>\n\n\n\n<div data-wp-interactive=\"core\/file\" class=\"wp-block-file\"><object data-wp-bind--hidden=\"!state.hasPdfPreview\" hidden class=\"wp-block-file__embed\" data=\"http:\/\/noticias.espacioaudiovisualnacional.org\/wp-content\/uploads\/2021\/09\/3823-D-2021_P_L_Carro_Fondos_asignacion_especifica_Industrias_Culturales_2021.pdf\" type=\"application\/pdf\" style=\"width:100%;height:600px\" aria-label=\"Incrustado de 3823-D-2021_P_L_Carro_Fondos_asignacion_especifica_Industrias_Culturales_2021.\"><\/object><a id=\"wp-block-file--media-c1220dcd-679e-4f60-b245-caf1ac1d5a5c\" href=\"http:\/\/noticias.espacioaudiovisualnacional.org\/wp-content\/uploads\/2021\/09\/3823-D-2021_P_L_Carro_Fondos_asignacion_especifica_Industrias_Culturales_2021.pdf\">3823-D-2021_P_L_Carro_Fondos_asignacion_especifica_Industrias_Culturales_2021<\/a><a href=\"http:\/\/noticias.espacioaudiovisualnacional.org\/wp-content\/uploads\/2021\/09\/3823-D-2021_P_L_Carro_Fondos_asignacion_especifica_Industrias_Culturales_2021.pdf\" class=\"wp-block-file__button wp-element-button\" download aria-describedby=\"wp-block-file--media-c1220dcd-679e-4f60-b245-caf1ac1d5a5c\">Descarga<\/a><\/div>\n","protected":false},"excerpt":{"rendered":"<p>Comunicado de Prensa, 30 de septiembre de 2021 Apoyamos el proyecto de ley de los Diputados de la Naci\u00f3n Jos\u00e9 Pablo Carro, Walter Correa, M\u00f3nica Macha, Germ\u00e1n Mart\u00ednez&nbsp;&nbsp;y Mar\u00eda Carolina Mois\u00e9s para extender hasta el 31 de Diciembre de 2072 la vigencia de las asignaciones espec\u00edficas previstas en los incisos b), e) e i) del art\u00edculo 4 de la Ley [&hellip;]<\/p>\n","protected":false},"author":2,"featured_media":6,"comment_status":"closed","ping_status":"closed","sticky":false,"template":"","format":"standard","meta":{"footnotes":""},"categories":[5],"tags":[],"class_list":["post-441","post","type-post","status-publish","format-standard","has-post-thumbnail","hentry","category-novedades"],"_links":{"self":[{"href":"https:\/\/pre.espacioaudiovisualnacional.org\/ean2023\/wp-json\/wp\/v2\/posts\/441","targetHints":{"allow":["GET"]}}],"collection":[{"href":"https:\/\/pre.espacioaudiovisualnacional.org\/ean2023\/wp-json\/wp\/v2\/posts"}],"about":[{"href":"https:\/\/pre.espacioaudiovisualnacional.org\/ean2023\/wp-json\/wp\/v2\/types\/post"}],"author":[{"embeddable":true,"href":"https:\/\/pre.espacioaudiovisualnacional.org\/ean2023\/wp-json\/wp\/v2\/users\/2"}],"replies":[{"embeddable":true,"href":"https:\/\/pre.espacioaudiovisualnacional.org\/ean2023\/wp-json\/wp\/v2\/comments?post=441"}],"version-history":[{"count":1,"href":"https:\/\/pre.espacioaudiovisualnacional.org\/ean2023\/wp-json\/wp\/v2\/posts\/441\/revisions"}],"predecessor-version":[{"id":1023,"href":"https:\/\/pre.espacioaudiovisualnacional.org\/ean2023\/wp-json\/wp\/v2\/posts\/441\/revisions\/1023"}],"wp:featuredmedia":[{"embeddable":true,"href":"https:\/\/pre.espacioaudiovisualnacional.org\/ean2023\/wp-json\/wp\/v2\/media\/6"}],"wp:attachment":[{"href":"https:\/\/pre.espacioaudiovisualnacional.org\/ean2023\/wp-json\/wp\/v2\/media?parent=441"}],"wp:term":[{"taxonomy":"category","embeddable":true,"href":"https:\/\/pre.espacioaudiovisualnacional.org\/ean2023\/wp-json\/wp\/v2\/categories?post=441"},{"taxonomy":"post_tag","embeddable":true,"href":"https:\/\/pre.espacioaudiovisualnacional.org\/ean2023\/wp-json\/wp\/v2\/tags?post=441"}],"curies":[{"name":"wp","href":"https:\/\/api.w.org\/{rel}","templated":true}]}}